{"id":1797,"date":"2025-12-22T10:30:27","date_gmt":"2025-12-22T10:30:27","guid":{"rendered":"https:\/\/www.ichildforchild.org\/?p=1797"},"modified":"2025-12-22T10:30:29","modified_gmt":"2025-12-22T10:30:29","slug":"afet-ve-acil-durumlarda-cocuk-odaklilik-belediyeler-icin-rehber","status":"publish","type":"post","link":"https:\/\/www.ichildforchild.org\/index.php\/2025\/12\/22\/afet-ve-acil-durumlarda-cocuk-odaklilik-belediyeler-icin-rehber\/","title":{"rendered":"Afet ve Acil Durumlarda \u00c7ocuk Odakl\u0131l\u0131k: Belediyeler i\u00e7in Rehber"},"content":{"rendered":"\n<p>Yerel y\u00f6netimler, afet ve acil durum s\u00fcre\u00e7lerinde toplumun t\u00fcm kesimleri i\u00e7in oldu\u011fu kadar \u00e7ocuklar i\u00e7in de hayati bir role sahiptir. Ancak \u00e7ocuklar\u0131n g\u00fcvenli\u011fi, ihtiya\u00e7lar\u0131, haklar\u0131 ve kat\u0131l\u0131m\u0131 \u00e7o\u011fu zaman afet y\u00f6netimi planlar\u0131nda yeterince g\u00f6r\u00fcn\u00fcr olamamaktad\u0131r. Bu rehber, tam da bu bo\u015flu\u011fu doldurmak amac\u0131yla Sivil Kat\u0131l\u0131m Hibe Program\u0131 kapsam\u0131nda ICHILD taraf\u0131ndan haz\u0131rlanm\u0131\u015ft\u0131r.<\/p>\n\n\n\n<p>\u201cAfet ve Acil Durumlarda \u00c7ocuk Odakl\u0131l\u0131k: Belediyeler i\u00e7in Rehber\u201d, belediyelerin afet \u00f6ncesi haz\u0131rl\u0131k, afet an\u0131 m\u00fcdahale ve afet sonras\u0131 iyile\u015ftirme s\u00fcre\u00e7lerinde \u00e7ocuk odakl\u0131 ve hak temelli bir yakla\u015f\u0131m\u0131 nas\u0131l g\u00fc\u00e7lendirebilece\u011fine dair pratik bir yol haritas\u0131 sunmaktad\u0131r. Rehber; \u00e7ocuk haklar\u0131 perspektifini afet y\u00f6netimine entegre etmeyi, \u00e7ocuklar\u0131n korunmas\u0131n\u0131n yan\u0131 s\u0131ra kat\u0131l\u0131m hakk\u0131n\u0131 da g\u00f6zeten b\u00fct\u00fcnc\u00fcl bir yakla\u015f\u0131m\u0131 te\u015fvik etmeyi hedefler.<\/p>\n\n\n\n<p>Rehberin haz\u0131rlanma s\u00fcrecinde belediye personeli, sivil toplum temsilcileri ve \u00e7ocuklarla ger\u00e7ekle\u015ftirilen at\u00f6lye ve odak grup \u00e7al\u0131\u015fmalar\u0131 temel al\u0131nm\u0131\u015f; \u00e7ocuklar\u0131n deneyimleri ve \u00f6nerileri do\u011frudan i\u00e7eriklere yans\u0131t\u0131lm\u0131\u015ft\u0131r. Bu y\u00f6n\u00fcyle rehber, yaln\u0131zca bir ba\u015fvuru kayna\u011f\u0131 de\u011fil, ayn\u0131 zamanda \u00e7ocuklar\u0131n sesini merkeze alan kat\u0131l\u0131mc\u0131 bir \u00e7al\u0131\u015fman\u0131n \u00fcr\u00fcn\u00fc olarak tasarlanm\u0131\u015ft\u0131r.<\/p>\n\n\n\n<p>Belediyeler i\u00e7in uygulanabilir \u00f6neriler, de\u011ferlendirme sorular\u0131, iyi uygulama \u00f6rnekleri ve destekleyici bilgi notlar\u0131 i\u00e7eren bu rehberin; afet ve acil durumlarda \u00e7ocuklar\u0131n g\u00fcvenli\u011fini, iyi olma h\u00e2lini ve haklar\u0131n\u0131 \u00f6nceleyen yerel politikalar\u0131n geli\u015ftirilmesine katk\u0131 sunmas\u0131n\u0131 diliyoruz.<\/p>\n\n\n\n<div class=\"wp-block-file\"><object class=\"wp-block-file__embed\" data=\"https:\/\/www.ichildforchild.org\/wp-content\/uploads\/2025\/12\/afetveacildurumlardacocukodaklilik.pdf\" type=\"application\/pdf\" style=\"width:100%;height:600px\" aria-label=\"afetveacildurumlardacocukodakl\u0131l\u0131k g\u00f6m\u00fcs\u00fc.\"><\/object><a href=\"https:\/\/www.ichildforchild.org\/wp-content\/uploads\/2025\/12\/afetveacildurumlardacocukodaklilik.pdf\">afetveacildurumlardacocukodakl\u0131l\u0131k<\/a><a href=\"https:\/\/www.ichildforchild.org\/wp-content\/uploads\/2025\/12\/afetveacildurumlardacocukodaklilik.pdf\" class=\"wp-block-file__button\" download>\u0130ndir<\/a><\/div>\n","protected":false},"excerpt":{"rendered":"<p>Yerel y\u00f6netimler, afet ve acil durum s\u00fcre\u00e7lerinde toplumun t\u00fcm kesimleri i\u00e7in oldu\u011fu kadar \u00e7ocuklar i\u00e7in de hayati bir role sahiptir. Ancak \u00e7ocuklar\u0131n g\u00fcvenli\u011fi, ihtiya\u00e7lar\u0131, haklar\u0131 ve kat\u0131l\u0131m\u0131 \u00e7o\u011fu zaman afet y\u00f6netimi planlar\u0131nda yeterince g\u00f6r\u00fcn\u00fcr olamamaktad\u0131r. Bu rehber, tam da bu bo\u015flu\u011fu doldurmak amac\u0131yla Sivil Kat\u0131l\u0131m Hibe Program\u0131 kapsam\u0131nda ICHILD taraf\u0131ndan haz\u0131rlanm\u0131\u015ft\u0131r. \u201cAfet ve Acil Durumlarda [&hellip;]<\/p>\n","protected":false},"author":1,"featured_media":1798,"comment_status":"closed","ping_status":"closed","sticky":false,"template":"","format":"standard","meta":[],"categories":[1],"tags":[],"_links":{"self":[{"href":"https:\/\/www.ichildforchild.org\/index.php\/wp-json\/wp\/v2\/posts\/1797"}],"collection":[{"href":"https:\/\/www.ichildforchild.org\/index.php\/wp-json\/wp\/v2\/posts"}],"about":[{"href":"https:\/\/www.ichildforchild.org\/index.php\/wp-json\/wp\/v2\/types\/post"}],"author":[{"embeddable":true,"href":"https:\/\/www.ichildforchild.org\/index.php\/wp-json\/wp\/v2\/users\/1"}],"replies":[{"embeddable":true,"href":"https:\/\/www.ichildforchild.org\/index.php\/wp-json\/wp\/v2\/comments?post=1797"}],"version-history":[{"count":1,"href":"https:\/\/www.ichildforchild.org\/index.php\/wp-json\/wp\/v2\/posts\/1797\/revisions"}],"predecessor-version":[{"id":1799,"href":"https:\/\/www.ichildforchild.org\/index.php\/wp-json\/wp\/v2\/posts\/1797\/revisions\/1799"}],"wp:featuredmedia":[{"embeddable":true,"href":"https:\/\/www.ichildforchild.org\/index.php\/wp-json\/wp\/v2\/media\/1798"}],"wp:attachment":[{"href":"https:\/\/www.ichildforchild.org\/index.php\/wp-json\/wp\/v2\/media?parent=1797"}],"wp:term":[{"taxonomy":"category","embeddable":true,"href":"https:\/\/www.ichildforchild.org\/index.php\/wp-json\/wp\/v2\/categories?post=1797"},{"taxonomy":"post_tag","embeddable":true,"href":"https:\/\/www.ichildforchild.org\/index.php\/wp-json\/wp\/v2\/tags?post=1797"}],"curies":[{"name":"wp","href":"https:\/\/api.w.org\/{rel}","templated":true}]}}