{"id":1681,"date":"2024-01-20T09:35:37","date_gmt":"2024-01-20T09:35:37","guid":{"rendered":"https:\/\/www.ichildforchild.org\/?p=1681"},"modified":"2024-01-20T09:36:06","modified_gmt":"2024-01-20T09:36:06","slug":"sehirdeyim-guvendeyim-poster-yapimi-atolyesi-basvuru-formu","status":"publish","type":"post","link":"https:\/\/www.ichildforchild.org\/index.php\/2024\/01\/20\/sehirdeyim-guvendeyim-poster-yapimi-atolyesi-basvuru-formu\/","title":{"rendered":"\u015eehirdeyim, G\u00fcvendeyim!&#8221; Poster Yap\u0131m\u0131 At\u00f6lyesi Ba\u015fvuru Formu"},"content":{"rendered":"\n<p>&#8220;\u015eehirdeyim, G\u00fcvendeyim!&#8221; Poster Yap\u0131m\u0131 At\u00f6lyesi ile birlikte, bir \u00e7ocuk olarak \u015fehirde kar\u015f\u0131la\u015ft\u0131\u011f\u0131m\u0131z zorluklar\u0131 ve f\u0131rsatlar\u0131 ele al\u0131rken, afet ve acil durumlarda daha dayan\u0131kl\u0131 \u015fehirleri birlikte tasarlamaya dair \u00f6nerilerimizi, haz\u0131rlad\u0131\u011f\u0131m\u0131z posterlerle ifade edece\u011fiz!\u00a0<\/p>\n\n\n\n<p><br>Bu uygulamal\u0131 deneyim sayesinde hep birlikte &#8220;dayan\u0131kl\u0131l\u0131k&#8221; ve &#8220;g\u00fcvende hissetmek&#8221; kavram\u0131n\u0131 derinlemesine inceleyecek, at\u00f6lye \u00e7al\u0131\u015fmas\u0131nda bizlere e\u015flik edecek olan Ceren Suntekin ile birlikte i\u00e7g\u00f6r\u00fcler edinecek ve bu \u00f6\u011frendiklerimizi etkili sanat eserlerine d\u00f6n\u00fc\u015ft\u00fcrece\u011fiz.\u00a0<\/p>\n\n\n\n<p>Ba\u015fvuru i\u00e7in <a href=\"https:\/\/docs.google.com\/forms\/d\/e\/1FAIpQLScWwpIe4Xuvn-vy-ODiBS_mL4qrEC4wDXpcy39VV1rt7FvNVg\/viewform\">buraya<\/a> t\u0131klay\u0131n\u0131z.<\/p>\n","protected":false},"excerpt":{"rendered":"<p>&#8220;\u015eehirdeyim, G\u00fcvendeyim!&#8221; Poster Yap\u0131m\u0131 At\u00f6lyesi ile birlikte, bir \u00e7ocuk olarak \u015fehirde kar\u015f\u0131la\u015ft\u0131\u011f\u0131m\u0131z zorluklar\u0131 ve f\u0131rsatlar\u0131 ele al\u0131rken, afet ve acil durumlarda daha dayan\u0131kl\u0131 \u015fehirleri birlikte tasarlamaya dair \u00f6nerilerimizi, haz\u0131rlad\u0131\u011f\u0131m\u0131z posterlerle ifade edece\u011fiz!\u00a0 Bu uygulamal\u0131 deneyim sayesinde hep birlikte &#8220;dayan\u0131kl\u0131l\u0131k&#8221; ve &#8220;g\u00fcvende hissetmek&#8221; kavram\u0131n\u0131 derinlemesine inceleyecek, at\u00f6lye \u00e7al\u0131\u015fmas\u0131nda bizlere e\u015flik edecek olan Ceren Suntekin ile birlikte [&hellip;]<\/p>\n","protected":false},"author":1,"featured_media":1680,"comment_status":"closed","ping_status":"closed","sticky":false,"template":"","format":"standard","meta":[],"categories":[1],"tags":[],"_links":{"self":[{"href":"https:\/\/www.ichildforchild.org\/index.php\/wp-json\/wp\/v2\/posts\/1681"}],"collection":[{"href":"https:\/\/www.ichildforchild.org\/index.php\/wp-json\/wp\/v2\/posts"}],"about":[{"href":"https:\/\/www.ichildforchild.org\/index.php\/wp-json\/wp\/v2\/types\/post"}],"author":[{"embeddable":true,"href":"https:\/\/www.ichildforchild.org\/index.php\/wp-json\/wp\/v2\/users\/1"}],"replies":[{"embeddable":true,"href":"https:\/\/www.ichildforchild.org\/index.php\/wp-json\/wp\/v2\/comments?post=1681"}],"version-history":[{"count":1,"href":"https:\/\/www.ichildforchild.org\/index.php\/wp-json\/wp\/v2\/posts\/1681\/revisions"}],"predecessor-version":[{"id":1682,"href":"https:\/\/www.ichildforchild.org\/index.php\/wp-json\/wp\/v2\/posts\/1681\/revisions\/1682"}],"wp:featuredmedia":[{"embeddable":true,"href":"https:\/\/www.ichildforchild.org\/index.php\/wp-json\/wp\/v2\/media\/1680"}],"wp:attachment":[{"href":"https:\/\/www.ichildforchild.org\/index.php\/wp-json\/wp\/v2\/media?parent=1681"}],"wp:term":[{"taxonomy":"category","embeddable":true,"href":"https:\/\/www.ichildforchild.org\/index.php\/wp-json\/wp\/v2\/categories?post=1681"},{"taxonomy":"post_tag","embeddable":true,"href":"https:\/\/www.ichildforchild.org\/index.php\/wp-json\/wp\/v2\/tags?post=1681"}],"curies":[{"name":"wp","href":"https:\/\/api.w.org\/{rel}","templated":true}]}}