{"id":1675,"date":"2024-01-15T20:23:56","date_gmt":"2024-01-15T20:23:56","guid":{"rendered":"https:\/\/www.ichildforchild.org\/?p=1675"},"modified":"2024-01-15T20:24:10","modified_gmt":"2024-01-15T20:24:10","slug":"genclik-perspektifleri-ile-dayaniklilik-arayisi-calistayina-davetlisiniz","status":"publish","type":"post","link":"https:\/\/www.ichildforchild.org\/index.php\/2024\/01\/15\/genclik-perspektifleri-ile-dayaniklilik-arayisi-calistayina-davetlisiniz\/","title":{"rendered":"Gen\u00e7lik Perspektifleri ile Dayan\u0131kl\u0131l\u0131k Aray\u0131\u015f\u0131 \u00c7al\u0131\u015ftay\u0131na Davetlisiniz!"},"content":{"rendered":"\n<ul><li>Bize g\u00f6re \u201cg\u00fcvende olmak\u201d nedir?<\/li><\/ul>\n\n\n\n<ul><li>\u201cDayan\u0131kl\u0131l\u0131k\u201d kavram\u0131ndan ne anl\u0131yoruz?<\/li><\/ul>\n\n\n\n<ul><li>Bir \u015fehir nas\u0131l dayan\u0131kl\u0131 ve g\u00fcvenli olur?<\/li><\/ul>\n\n\n\n<ul><li>Bizler, \u015fehrin neresinde ve ne kadar var\u0131z?<\/li><\/ul>\n\n\n\n<p>T\u00fcm bu sorular\u0131 hep birlikte tart\u0131\u015fmak ve ard\u0131ndan sesimizi karar al\u0131c\u0131lara duyurmak i\u00e7in \u201cGen\u00e7lik Perspektifleri ile Dayan\u0131kl\u0131l\u0131k Aray\u0131\u015f\u0131 \u00c7al\u0131\u015ftay\u0131\u201dna davetlisiniz!&nbsp;<\/p>\n\n\n\n<p>Son Ba\u015fvuru: 23 Ocak<\/p>\n\n\n\n<p>\u00c7al\u0131\u015ftaya ba\u015fvurmak i\u00e7in <a href=\"https:\/\/docs.google.com\/forms\/d\/e\/1FAIpQLSeBM_W_a7yZeMczrAJ-dIb2n2UPMOqm8tElCaeKFy_jCYjvvQ\/viewform\" target=\"_blank\" rel=\"noreferrer noopener\">buraya<\/a> t\u0131klayabilirsiniz.\u00a0<\/p>\n\n\n\n<p>#ichildforchild #\u00e7ocukhaklar\u0131<\/p>\n\n\n\n<figure class=\"wp-block-image size-large\"><img loading=\"lazy\" width=\"1024\" height=\"1024\" src=\"https:\/\/www.ichildforchild.org\/wp-content\/uploads\/2024\/01\/2-1024x1024.png\" alt=\"\" class=\"wp-image-1677\" srcset=\"https:\/\/www.ichildforchild.org\/wp-content\/uploads\/2024\/01\/2-1024x1024.png 1024w, https:\/\/www.ichildforchild.org\/wp-content\/uploads\/2024\/01\/2-300x300.png 300w, https:\/\/www.ichildforchild.org\/wp-content\/uploads\/2024\/01\/2-150x150.png 150w, https:\/\/www.ichildforchild.org\/wp-content\/uploads\/2024\/01\/2-768x768.png 768w, https:\/\/www.ichildforchild.org\/wp-content\/uploads\/2024\/01\/2-1536x1536.png 1536w, https:\/\/www.ichildforchild.org\/wp-content\/uploads\/2024\/01\/2-2048x2048.png 2048w\" sizes=\"(max-width: 1024px) 100vw, 1024px\" \/><\/figure>\n","protected":false},"excerpt":{"rendered":"<p>Bize g\u00f6re \u201cg\u00fcvende olmak\u201d nedir? \u201cDayan\u0131kl\u0131l\u0131k\u201d kavram\u0131ndan ne anl\u0131yoruz? Bir \u015fehir nas\u0131l dayan\u0131kl\u0131 ve g\u00fcvenli olur? Bizler, \u015fehrin neresinde ve ne kadar var\u0131z? T\u00fcm bu sorular\u0131 hep birlikte tart\u0131\u015fmak ve ard\u0131ndan sesimizi karar al\u0131c\u0131lara duyurmak i\u00e7in \u201cGen\u00e7lik Perspektifleri ile Dayan\u0131kl\u0131l\u0131k Aray\u0131\u015f\u0131 \u00c7al\u0131\u015ftay\u0131\u201dna davetlisiniz!&nbsp; Son Ba\u015fvuru: 23 Ocak \u00c7al\u0131\u015ftaya ba\u015fvurmak i\u00e7in buraya t\u0131klayabilirsiniz.\u00a0 #ichildforchild #\u00e7ocukhaklar\u0131<\/p>\n","protected":false},"author":1,"featured_media":1676,"comment_status":"closed","ping_status":"closed","sticky":false,"template":"","format":"standard","meta":[],"categories":[1],"tags":[],"_links":{"self":[{"href":"https:\/\/www.ichildforchild.org\/index.php\/wp-json\/wp\/v2\/posts\/1675"}],"collection":[{"href":"https:\/\/www.ichildforchild.org\/index.php\/wp-json\/wp\/v2\/posts"}],"about":[{"href":"https:\/\/www.ichildforchild.org\/index.php\/wp-json\/wp\/v2\/types\/post"}],"author":[{"embeddable":true,"href":"https:\/\/www.ichildforchild.org\/index.php\/wp-json\/wp\/v2\/users\/1"}],"replies":[{"embeddable":true,"href":"https:\/\/www.ichildforchild.org\/index.php\/wp-json\/wp\/v2\/comments?post=1675"}],"version-history":[{"count":1,"href":"https:\/\/www.ichildforchild.org\/index.php\/wp-json\/wp\/v2\/posts\/1675\/revisions"}],"predecessor-version":[{"id":1678,"href":"https:\/\/www.ichildforchild.org\/index.php\/wp-json\/wp\/v2\/posts\/1675\/revisions\/1678"}],"wp:featuredmedia":[{"embeddable":true,"href":"https:\/\/www.ichildforchild.org\/index.php\/wp-json\/wp\/v2\/media\/1676"}],"wp:attachment":[{"href":"https:\/\/www.ichildforchild.org\/index.php\/wp-json\/wp\/v2\/media?parent=1675"}],"wp:term":[{"taxonomy":"category","embeddable":true,"href":"https:\/\/www.ichildforchild.org\/index.php\/wp-json\/wp\/v2\/categories?post=1675"},{"taxonomy":"post_tag","embeddable":true,"href":"https:\/\/www.ichildforchild.org\/index.php\/wp-json\/wp\/v2\/tags?post=1675"}],"curies":[{"name":"wp","href":"https:\/\/api.w.org\/{rel}","templated":true}]}}