{"id":1664,"date":"2023-11-19T22:10:07","date_gmt":"2023-11-19T22:10:07","guid":{"rendered":"https:\/\/www.ichildforchild.org\/?p=1664"},"modified":"2024-03-25T13:08:02","modified_gmt":"2024-03-25T13:08:02","slug":"cocuklarin-katilim-hakkina-iliskin-bolgesel-anket-calismasi-raporu-yayinlandi","status":"publish","type":"post","link":"https:\/\/www.ichildforchild.org\/index.php\/2023\/11\/19\/cocuklarin-katilim-hakkina-iliskin-bolgesel-anket-calismasi-raporu-yayinlandi\/","title":{"rendered":"\u00c7ocuklar\u0131n Kat\u0131l\u0131m Hakk\u0131na \u0130li\u015fkin B\u00f6lgesel Anket \u00c7al\u0131\u015fmas\u0131 Raporu Yay\u0131nland\u0131"},"content":{"rendered":"\n<p>20 Kas\u0131m D\u00fcnya \u00c7ocuk G\u00fcn\u00fc&#8217;nde, dikkati yeniden \u00e7ocuklar\u0131n kat\u0131l\u0131m haklar\u0131na getirmek istiyoruz. \u00c7ocuk Dan\u0131\u015fma Kurulu \u00dcyelerinin katk\u0131lar\u0131 ile haz\u0131rlad\u0131\u011f\u0131m\u0131z anket \u00e7al\u0131\u015fmam\u0131z\u0131n raporu yay\u0131nland\u0131!<\/p>\n\n\n\n<div class=\"wp-block-file\"><object class=\"wp-block-file__embed\" data=\"https:\/\/www.ichildforchild.org\/wp-content\/uploads\/2023\/11\/C\u0327ocuklarin-Katilim-Hakkina-I\u0307lis\u0327kin-Bo\u0308lgesel-Anket-C\u0327alis\u0327masi-Raporu-Ankara.pdf\" type=\"application\/pdf\" style=\"width:100%;height:600px\" aria-label=\"C\u0327ocuklar\u0131n Kat\u0131l\u0131m Hakk\u0131na I\u0307lis\u0327kin Bo\u0308lgesel Anket C\u0327al\u0131s\u0327mas\u0131 Raporu Ankara g\u00f6m\u00fcs\u00fc.\"><\/object><a href=\"https:\/\/www.ichildforchild.org\/wp-content\/uploads\/2023\/11\/C\u0327ocuklarin-Katilim-Hakkina-I\u0307lis\u0327kin-Bo\u0308lgesel-Anket-C\u0327alis\u0327masi-Raporu-Ankara.pdf\">C\u0327ocuklar\u0131n Kat\u0131l\u0131m Hakk\u0131na I\u0307lis\u0327kin Bo\u0308lgesel Anket C\u0327al\u0131s\u0327mas\u0131 Raporu Ankara<\/a><a href=\"https:\/\/www.ichildforchild.org\/wp-content\/uploads\/2023\/11\/C\u0327ocuklarin-Katilim-Hakkina-I\u0307lis\u0327kin-Bo\u0308lgesel-Anket-C\u0327alis\u0327masi-Raporu-Ankara.pdf\" class=\"wp-block-file__button\" download>\u0130ndir<\/a><\/div>\n","protected":false},"excerpt":{"rendered":"<p>20 Kas\u0131m D\u00fcnya \u00c7ocuk G\u00fcn\u00fc&#8217;nde, dikkati yeniden \u00e7ocuklar\u0131n kat\u0131l\u0131m haklar\u0131na getirmek istiyoruz. \u00c7ocuk Dan\u0131\u015fma Kurulu \u00dcyelerinin katk\u0131lar\u0131 ile haz\u0131rlad\u0131\u011f\u0131m\u0131z anket \u00e7al\u0131\u015fmam\u0131z\u0131n raporu yay\u0131nland\u0131!<\/p>\n","protected":false},"author":1,"featured_media":1662,"comment_status":"closed","ping_status":"closed","sticky":false,"template":"","format":"standard","meta":[],"categories":[1],"tags":[],"_links":{"self":[{"href":"https:\/\/www.ichildforchild.org\/index.php\/wp-json\/wp\/v2\/posts\/1664"}],"collection":[{"href":"https:\/\/www.ichildforchild.org\/index.php\/wp-json\/wp\/v2\/posts"}],"about":[{"href":"https:\/\/www.ichildforchild.org\/index.php\/wp-json\/wp\/v2\/types\/post"}],"author":[{"embeddable":true,"href":"https:\/\/www.ichildforchild.org\/index.php\/wp-json\/wp\/v2\/users\/1"}],"replies":[{"embeddable":true,"href":"https:\/\/www.ichildforchild.org\/index.php\/wp-json\/wp\/v2\/comments?post=1664"}],"version-history":[{"count":1,"href":"https:\/\/www.ichildforchild.org\/index.php\/wp-json\/wp\/v2\/posts\/1664\/revisions"}],"predecessor-version":[{"id":1665,"href":"https:\/\/www.ichildforchild.org\/index.php\/wp-json\/wp\/v2\/posts\/1664\/revisions\/1665"}],"wp:featuredmedia":[{"embeddable":true,"href":"https:\/\/www.ichildforchild.org\/index.php\/wp-json\/wp\/v2\/media\/1662"}],"wp:attachment":[{"href":"https:\/\/www.ichildforchild.org\/index.php\/wp-json\/wp\/v2\/media?parent=1664"}],"wp:term":[{"taxonomy":"category","embeddable":true,"href":"https:\/\/www.ichildforchild.org\/index.php\/wp-json\/wp\/v2\/categories?post=1664"},{"taxonomy":"post_tag","embeddable":true,"href":"https:\/\/www.ichildforchild.org\/index.php\/wp-json\/wp\/v2\/tags?post=1664"}],"curies":[{"name":"wp","href":"https:\/\/api.w.org\/{rel}","templated":true}]}}