{"id":1647,"date":"2023-07-12T18:25:44","date_gmt":"2023-07-12T18:25:44","guid":{"rendered":"https:\/\/www.ichildforchild.org\/?p=1647"},"modified":"2025-12-22T10:18:57","modified_gmt":"2025-12-22T10:18:57","slug":"yeni-ekip-arkadasimizi-ariyoruz","status":"publish","type":"post","link":"https:\/\/www.ichildforchild.org\/index.php\/2023\/07\/12\/yeni-ekip-arkadasimizi-ariyoruz\/","title":{"rendered":"Yeni Ekip Arkada\u015f\u0131m\u0131z\u0131 Ar\u0131yoruz!"},"content":{"rendered":"\n<p><strong>Pozisyon Ad\u0131: <\/strong>Proje Koordinat\u00f6r\u00fc<\/p>\n\n\n\n<p><strong>Lokasyon:<\/strong> Ankara, T\u00fcrkiye<\/p>\n\n\n\n<p><strong>Program: <\/strong>Tam zamanl\u0131<\/p>\n\n\n\n<p><strong>S\u00f6zle\u015fme s\u00fcresi:<\/strong> 6 Ay Sabit Vadeli S\u00f6zle\u015fme<\/p>\n\n\n\n<p>ICHILD, Ankara\u2019da depremden etkilenen \u00e7ocuklara y\u00f6nelik y\u00fcr\u00fct\u00fclecek \u00e7al\u0131\u015fmalar\u0131 i\u00e7eren projenin koordinasyonunun sa\u011flanmas\u0131 ve ayn\u0131 zamanda derne\u011fin yerelde \u00e7ocuk \u00e7al\u0131\u015fmalar\u0131n\u0131n y\u00fcr\u00fct\u00fclmesini sa\u011flayacak bir Proje Koordinat\u00f6r\u00fc ar\u0131yor.<br><br>\u0130\u015f ilan\u0131 ile ilgili detaylara, <a href=\"https:\/\/www.ichildforchild.org\/wp-content\/uploads\/2023\/07\/Proje-Koordinato\u0308ru\u0308-I\u0307s\u0327-I\u0307lani-1.pdf\" target=\"_blank\" rel=\"noreferrer noopener\">bu linkten <\/a>eri\u015febilirsiniz.<\/p>\n\n\n\n<p>ICHILD &#8211; Uluslararas\u0131 \u00c7ocuk Haklar\u0131 El\u00e7ileri Derne\u011fi olarak f\u0131rsat e\u015fitli\u011fine inan\u0131yor ve bu \u00e7er\u00e7evede i\u015fe al\u0131m s\u00fcre\u00e7lerimizi y\u00fcr\u00fct\u00fcyoruz. T\u00fcm idari ve operasyonel s\u00fcre\u00e7lerimizde \u00e7ocuk g\u00fcvenli\u011fi politikas\u0131n\u0131 g\u00f6z \u00f6n\u00fcnde bulundurarak hareket ediyoruz. Bu pozisyonda kad\u0131n+ adaylar\u0131n ba\u015fvurular\u0131 desteklenecektir.<\/p>\n\n\n\n<p>\u0130lan\u0131m\u0131za ba\u015fvuruda bulunmak isteyenler <strong>19 Temmuz 2023<\/strong> tarihine kadar, \u00f6zge\u00e7mi\u015flerini ve motivasyon mektuplar\u0131n\u0131, a\u015fa\u011f\u0131da yer alan referans kodu ile ilgili e-posta adresine iletebilirler. Yaln\u0131zca olumlu olarak de\u011ferlendirilen adaylar ile ileti\u015fime ge\u00e7ilecektir.<\/p>\n\n\n\n<p><strong>Referans Kodu : <\/strong>FDF2023<\/p>\n\n\n\n<p><strong>E-posta <\/strong>: <a href=\"mailto:hr@ichildforchild.org\">hr@ichildforchild.org<\/a><\/p>\n\n\n\n<p><em>\u201c07.04.2016 tarih, 29677 say\u0131l\u0131 Resmi Gazete\u2019de yay\u0131mlanan 6698 Say\u0131l\u0131 Ki\u015fisel Verilerin Korunmas\u0131 Kanunu kapsam\u0131nda, bu ilana yapaca\u011f\u0131n\u0131z ba\u015fvuru ile \u00f6zge\u00e7mi\u015finiz i\u00e7erisindeki t\u00fcm ki\u015fisel bilgilerinizin ICHILD &#8211; Uluslararas\u0131 \u00c7ocuk Haklar\u0131 El\u00e7ileri Derne\u011fi ile payla\u015f\u0131lmas\u0131n\u0131 ve bu bilgilerin saklanmas\u0131n\u0131 kabul etmi\u015f bulunmaktas\u0131n\u0131z.\u201d<\/em><\/p>\n","protected":false},"excerpt":{"rendered":"<p>ICHILD, Ankara\u2019da depremden etkilenen \u00e7ocuklara y\u00f6nelik y\u00fcr\u00fct\u00fclecek \u00e7al\u0131\u015fmalar\u0131 i\u00e7eren projenin koordinasyonunun sa\u011flanmas\u0131 ve ayn\u0131 zamanda derne\u011fin yerelde \u00e7ocuk \u00e7al\u0131\u015fmalar\u0131n\u0131n y\u00fcr\u00fct\u00fclmesini sa\u011flayacak bir Proje Koordinat\u00f6r\u00fc ar\u0131yor.<\/p>\n","protected":false},"author":1,"featured_media":1650,"comment_status":"closed","ping_status":"closed","sticky":false,"template":"","format":"standard","meta":[],"categories":[25,1],"tags":[],"_links":{"self":[{"href":"https:\/\/www.ichildforchild.org\/index.php\/wp-json\/wp\/v2\/posts\/1647"}],"collection":[{"href":"https:\/\/www.ichildforchild.org\/index.php\/wp-json\/wp\/v2\/posts"}],"about":[{"href":"https:\/\/www.ichildforchild.org\/index.php\/wp-json\/wp\/v2\/types\/post"}],"author":[{"embeddable":true,"href":"https:\/\/www.ichildforchild.org\/index.php\/wp-json\/wp\/v2\/users\/1"}],"replies":[{"embeddable":true,"href":"https:\/\/www.ichildforchild.org\/index.php\/wp-json\/wp\/v2\/comments?post=1647"}],"version-history":[{"count":6,"href":"https:\/\/www.ichildforchild.org\/index.php\/wp-json\/wp\/v2\/posts\/1647\/revisions"}],"predecessor-version":[{"id":1657,"href":"https:\/\/www.ichildforchild.org\/index.php\/wp-json\/wp\/v2\/posts\/1647\/revisions\/1657"}],"wp:featuredmedia":[{"embeddable":true,"href":"https:\/\/www.ichildforchild.org\/index.php\/wp-json\/wp\/v2\/media\/1650"}],"wp:attachment":[{"href":"https:\/\/www.ichildforchild.org\/index.php\/wp-json\/wp\/v2\/media?parent=1647"}],"wp:term":[{"taxonomy":"category","embeddable":true,"href":"https:\/\/www.ichildforchild.org\/index.php\/wp-json\/wp\/v2\/categories?post=1647"},{"taxonomy":"post_tag","embeddable":true,"href":"https:\/\/www.ichildforchild.org\/index.php\/wp-json\/wp\/v2\/tags?post=1647"}],"curies":[{"name":"wp","href":"https:\/\/api.w.org\/{rel}","templated":true}]}}