{"id":1643,"date":"2023-05-08T14:55:28","date_gmt":"2023-05-08T14:55:28","guid":{"rendered":"https:\/\/www.ichildforchild.org\/?p=1643"},"modified":"2023-05-08T14:55:29","modified_gmt":"2023-05-08T14:55:29","slug":"cocuklarin-katilim-hakkina-iliskin-bolgesel-anket-calismasi","status":"publish","type":"post","link":"https:\/\/www.ichildforchild.org\/index.php\/2023\/05\/08\/cocuklarin-katilim-hakkina-iliskin-bolgesel-anket-calismasi\/","title":{"rendered":"\u00c7ocuklar\u0131n Kat\u0131l\u0131m Hakk\u0131na \u0130li\u015fkin B\u00f6lgesel Anket \u00c7al\u0131\u015fmas\u0131"},"content":{"rendered":"\n<p>Herkese merhaba,<\/p>\n\n\n\n<p>ICHILD &#8211; Uluslararas\u0131 \u00c7ocuk Haklar\u0131 El\u00e7ileri Derne\u011fi&#8217;nin \u00c7ocuk Dan\u0131\u015fma kurulu taraf\u0131ndan haz\u0131rlanan &#8220;\u00c7ocuklar\u0131n Kat\u0131l\u0131m Hakk\u0131na \u0130li\u015fkin B\u00f6lgesel Anket \u00c7al\u0131\u015fmas\u0131&#8221;na, Ankara&#8217;n\u0131n \u00c7ankaya b\u00f6lgesinde ya\u015fayan ve 10 &#8211; 18 ya\u015f aral\u0131\u011f\u0131nda olan herkesin g\u00f6r\u00fc\u015flerini bekliyoruz.<\/p>\n\n\n\n<p>Ankete \u015fu linkten ula\u015fabilirsiniz: <\/p>\n\n\n\n<p>Bu \u00e7al\u0131\u015fmay\u0131 neden yap\u0131yoruz?<br>Bu \u00e7al\u0131\u015fmadan elde edilecek olan verilerle, ICHILD \u00c7ocuk Dan\u0131\u015fma Kurulu \u00fcyeleri taraf\u0131ndan b\u00f6lgesel bir analiz raporu haz\u0131rlanacakt\u0131r. Elde edilen veriler, ilgili raporun haz\u0131rlanmas\u0131 ve ICHILD \u00c7ocuk Dan\u0131\u015fma Kurulu \u00fcyeleri taraf\u0131ndan ger\u00e7ekle\u015ftirilecek olan izleme \u00e7al\u0131\u015fmas\u0131n\u0131n \u00f6n haz\u0131rl\u0131\u011f\u0131 i\u00e7in kullan\u0131lacakt\u0131r.<\/p>\n\n\n\n<p>Bu \u00e7al\u0131\u015fma kapsam\u0131nda herhangi bir ki\u015fisel veriniz (isim, soy isim, do\u011fum yeri, do\u011fum tarihi, ileti\u015fim bilgileri\u2026) toplanmayacakt\u0131r ve \u00e7al\u0131\u015fman\u0131n hi\u00e7bir a\u015famas\u0131nda ki\u015fisel verileriniz kullan\u0131lmayacakt\u0131r.<\/p>\n\n\n\n<p>Bu \u00e7al\u0131\u015fmada kimlerin g\u00f6r\u00fc\u015flerine ihtiyac\u0131m\u0131z var?<\/p>\n\n\n\n<p>-Ankara&#8217;n\u0131n \u00c7ankaya b\u00f6lgesinde ya\u015fayan ve<\/p>\n\n\n\n<ul><li>10 &#8211; 18 ya\u015f grubunda olan herkesin g\u00f6r\u00fc\u015flerine ihtiyac\u0131m\u0131z var!<\/li><\/ul>\n\n\n\n<p>Anket \u00e7al\u0131\u015fmam\u0131z\u0131 yayg\u0131nla\u015ft\u0131rarak bize destek olursan\u0131z \u00e7ok seviniriz. \u015eimdiden te\u015fekk\u00fcrler! \u2764\ufe0f<\/p>\n","protected":false},"excerpt":{"rendered":"<p>Herkese merhaba, ICHILD &#8211; Uluslararas\u0131 \u00c7ocuk Haklar\u0131 El\u00e7ileri Derne\u011fi&#8217;nin \u00c7ocuk Dan\u0131\u015fma kurulu taraf\u0131ndan haz\u0131rlanan &#8220;\u00c7ocuklar\u0131n Kat\u0131l\u0131m Hakk\u0131na \u0130li\u015fkin B\u00f6lgesel Anket \u00c7al\u0131\u015fmas\u0131&#8221;na, Ankara&#8217;n\u0131n \u00c7ankaya b\u00f6lgesinde ya\u015fayan ve 10 &#8211; 18 ya\u015f aral\u0131\u011f\u0131nda olan herkesin g\u00f6r\u00fc\u015flerini bekliyoruz. Ankete \u015fu linkten ula\u015fabilirsiniz: Bu \u00e7al\u0131\u015fmay\u0131 neden yap\u0131yoruz?Bu \u00e7al\u0131\u015fmadan elde edilecek olan verilerle, ICHILD \u00c7ocuk Dan\u0131\u015fma Kurulu \u00fcyeleri taraf\u0131ndan b\u00f6lgesel [&hellip;]<\/p>\n","protected":false},"author":1,"featured_media":1644,"comment_status":"closed","ping_status":"closed","sticky":false,"template":"","format":"standard","meta":[],"categories":[1],"tags":[],"_links":{"self":[{"href":"https:\/\/www.ichildforchild.org\/index.php\/wp-json\/wp\/v2\/posts\/1643"}],"collection":[{"href":"https:\/\/www.ichildforchild.org\/index.php\/wp-json\/wp\/v2\/posts"}],"about":[{"href":"https:\/\/www.ichildforchild.org\/index.php\/wp-json\/wp\/v2\/types\/post"}],"author":[{"embeddable":true,"href":"https:\/\/www.ichildforchild.org\/index.php\/wp-json\/wp\/v2\/users\/1"}],"replies":[{"embeddable":true,"href":"https:\/\/www.ichildforchild.org\/index.php\/wp-json\/wp\/v2\/comments?post=1643"}],"version-history":[{"count":1,"href":"https:\/\/www.ichildforchild.org\/index.php\/wp-json\/wp\/v2\/posts\/1643\/revisions"}],"predecessor-version":[{"id":1645,"href":"https:\/\/www.ichildforchild.org\/index.php\/wp-json\/wp\/v2\/posts\/1643\/revisions\/1645"}],"wp:featuredmedia":[{"embeddable":true,"href":"https:\/\/www.ichildforchild.org\/index.php\/wp-json\/wp\/v2\/media\/1644"}],"wp:attachment":[{"href":"https:\/\/www.ichildforchild.org\/index.php\/wp-json\/wp\/v2\/media?parent=1643"}],"wp:term":[{"taxonomy":"category","embeddable":true,"href":"https:\/\/www.ichildforchild.org\/index.php\/wp-json\/wp\/v2\/categories?post=1643"},{"taxonomy":"post_tag","embeddable":true,"href":"https:\/\/www.ichildforchild.org\/index.php\/wp-json\/wp\/v2\/tags?post=1643"}],"curies":[{"name":"wp","href":"https:\/\/api.w.org\/{rel}","templated":true}]}}